{"id":4150,"date":"2024-08-14T21:51:41","date_gmt":"2024-08-14T21:51:41","guid":{"rendered":"https:\/\/activa.catie.ac.cr\/web\/?p=4150"},"modified":"2025-10-30T15:09:22","modified_gmt":"2025-10-30T15:09:22","slug":"feria-de-negocios-adaptactiva-destaca-emprendimientos-rurales-de-la-zona-norte-de-costa-rica","status":"publish","type":"post","link":"https:\/\/activa.catie.ac.cr\/web\/feria-de-negocios-adaptactiva-destaca-emprendimientos-rurales-de-la-zona-norte-de-costa-rica\/","title":{"rendered":"Feria de Negocios AdaptACTIVA destaca emprendimientos rurales de la zona norte de Costa Rica"},"content":{"rendered":"<p><u>Heredia, 14 de agosto de 2024.<\/u> En la Feria de Negocios \u201c<strong>Negocios innovadores ante el cambio clim\u00e1tico\u201d <\/strong>realizada este martes 13 de agosto, 25 emprendimientos seleccionados en la primera convocatoria de fondos no reembolsables AdaptACTIVA dieron a conocer sus proyectos innovadores para hacer frente al cambio clim\u00e1tico en \u00e1reas como ganader\u00eda, agricultura, bosques y turismo de naturaleza, mediante la implementaci\u00f3n de medidas de Adaptaci\u00f3n basada en Ecosistemas (AbE).<\/p>\n<p>Estos emprendimientos provienen de 15 cantones de la zona norte de Costa Rica, entre ellos San Carlos, Sarapiqu\u00ed, Pococ\u00ed, Gu\u00e1cimo, Alajuela, Alfaro Ruiz, Valverde Vega, Grecia, Naranjo y Po\u00e1s, y fueron beneficiados con capital semilla del Sistema de Banca para el Desarrollo mediante una alianza entre el Programa <a href=\"https:\/\/ebalac.com\/\" target=\"_blank\" rel=\"noopener\">\u201cEscalando Medidas de Adaptaci\u00f3n basada en Ecosistemas en la Am\u00e9rica Latina rural\u201d (EbA LAC)<\/a> y el laboratorio de innovaci\u00f3n y emprendimiento ACTIVA-CATIE.<\/p>\n<p><img decoding=\"async\" style=\"display: block; margin-left: auto; margin-right: auto;\" src=\"https:\/\/activa.catie.ac.cr\/web\/wp-content\/uploads\/Feria-AdaptACTIVA-3.jpeg\" alt=\"\" width=\"600\" \/><\/p>\n<p>La Feria de Negocios tuvo lugar en el Centro de Convenciones de Costa Rica e inici\u00f3 con un panel en el que participaron cuatro personas emprendedoras, quienes compartieron su experiencia al formar parte de esta primera convocatoria y contar con capital semilla para poner en marcha sus proyectos.<\/p>\n<p>\u201cPor medio de AdaptACTIVA pudimos impulsar nuestra idea de negocio, a trav\u00e9s de estos fondos pudimos adquirir equipo para la formulaci\u00f3n de nuestros abonos y bioinsumos, y crear alianzas estrat\u00e9gicas para la reproducci\u00f3n de microorganismos y biocontroladores\u201d, destac\u00f3 Wendy Rojas, vecina de La Palmera de San Carlos y l\u00edder del emprendimiento Finca Integral Tres Novillos.<\/p>\n<p><img decoding=\"async\" style=\"display: block; margin-left: auto; margin-right: auto;\" src=\"https:\/\/activa.catie.ac.cr\/web\/wp-content\/uploads\/Feria-AdaptACTIVA-9.jpeg\" alt=\"\" width=\"600\" \/><\/p>\n<p>Posteriormente, las personas asistentes realizaron un recorrido por los <em>stands<\/em> de las personas emprendedoras y tambi\u00e9n hubo un espacio para <em>networking<\/em>, con el objetivo de explorar oportunidades de crecimiento y establecer nuevas relaciones comerciales para sus negocios.<\/p>\n<p>\u201cMe parece muy importante que en un espacio como este podamos conectarnos con otros emprendedores para aprender de ellos, con posibles clientes y con autoridades gubernamentales, y poder recibir recomendaciones y observaciones de los diferentes p\u00fablicos que llegaron a esta actividad\u201d, expres\u00f3 Fernando Guerrero, del proyecto de caf\u00e9 de especialidad Finca Flor de Abril.<\/p>\n<p><img decoding=\"async\" style=\"display: block; margin-left: auto; margin-right: auto;\" src=\"https:\/\/activa.catie.ac.cr\/web\/wp-content\/uploads\/Feria-AdaptACTIVA-12jpeg.jpeg\" alt=\"\" width=\"600\" \/><\/p>\n<p>Sabrina Geppert, coordinadora del Programa EbALAC para Costa Rica, coment\u00f3 que \u201cpara el programa es estrat\u00e9gico incidir de forma directa en la vida de las personas m\u00e1s vulnerables al integrar la adaptaci\u00f3n basada en ecosistemas en el desarrollo de negocios rurales. Con Adapt-ACTIVA se ha dado un importante impulso a la innovaci\u00f3n en la forma que se brinda el acompa\u00f1amiento a emprendedores. Al introducir un proceso de pre-incubaci\u00f3n que aborda la comprensi\u00f3n del riesgo clim\u00e1tico en el negocio, y prepara a la persona emprendedora en idear respuestas a estos riesgos, permite madurar ideas de negocio m\u00e1s resilientes. Con la asesor\u00eda especializada de ACTIVA-CATIE, estas ideas se han logrado plasmar en planes de negocios de alta calidad, y \u2013 as\u00ed esperamos \u2013 con mayor grado de supervivencia\u201d.<\/p>\n<p>Por su parte, el director de ACTIVA-CATIE, Vladimir Valera, destac\u00f3 que \u201ces una inmensa satisfacci\u00f3n mostrar al p\u00fablico en general, pero especialmente a los jerarcas del MEIC, del MINAE y del MAG, los resultados del trabajo colectivo de m\u00e1s de un a\u00f1o, entre las personas emprendedoras, que son los verdaderos art\u00edfices de los negocios innovadores ante el cambio clim\u00e1tico, con el apoyo de nuestro equipo de mentores del CATIE y el financiamiento aportado por el Sistema de Banca para el Desarrollo, evidenciando que la adopci\u00f3n de buenas pr\u00e1cticas que reduzcan la vulnerabilidad ante el cambio clim\u00e1tico no ri\u00f1e con la rentabilidad y sostenibilidad de los negocios rurales\u201d.<\/p>\n<p>Actualmente se encuentra abierta la postulaci\u00f3n para la segunda convocatoria de AdaptACTIVA. Las personas que deseen participar por hasta 7 millones de colones en fondos de capital semilla pueden consultar los distritos participantes y completar el formulario en <u><a href=\"https:\/\/forms.gle\/8mMMpfAYgxvsQNA86\" target=\"_blank\" rel=\"noopener\">https:\/\/forms.gle\/8mMMpfAYgxvsQNA86<\/a><\/u><\/p>\n<div style=\"width: 100%; display: flex; flex-direction: row; flex-wrap: wrap; justify-content: center;\">\n<p><img decoding=\"async\" class=\"alignleft\" style=\"display: block; margin-left: 10px; margin-right: 10px; margin-bottom: 10px;\" src=\"https:\/\/activa.catie.ac.cr\/web\/wp-content\/uploads\/Feria-AdaptACTIVA-1.jpeg\" alt=\"\" width=\"400\" \/> <img decoding=\"async\" class=\"alignleft\" style=\"display: block; margin-left: 10px; margin-right: 10px; margin-bottom: 10px;\" src=\"https:\/\/activa.catie.ac.cr\/web\/wp-content\/uploads\/Feria-AdaptACTIVA-4.jpeg\" alt=\"\" width=\"400\" \/> <img decoding=\"async\" class=\"alignleft\" style=\"display: block; margin-left: 10px; margin-right: 10px; margin-bottom: 10px;\" src=\"https:\/\/activa.catie.ac.cr\/web\/wp-content\/uploads\/Feria-AdaptACTIVA-5.jpeg\" alt=\"\" width=\"400\" \/> <img decoding=\"async\" class=\"alignleft\" style=\"display: block; margin-left: 10px; margin-right: 10px; margin-bottom: 10px;\" src=\"https:\/\/activa.catie.ac.cr\/web\/wp-content\/uploads\/Feria-AdaptACTIVA-6.jpeg\" alt=\"\" width=\"400\" \/> <img decoding=\"async\" class=\"alignleft\" style=\"display: block; margin-left: 10px; margin-right: 10px; margin-bottom: 10px;\" src=\"https:\/\/activa.catie.ac.cr\/web\/wp-content\/uploads\/Feria-AdaptACTIVA-7.jpeg\" alt=\"\" width=\"400\" \/> <img decoding=\"async\" class=\"alignleft\" style=\"display: block; margin-left: 10px; margin-right: 10px; margin-bottom: 10px;\" src=\"https:\/\/activa.catie.ac.cr\/web\/wp-content\/uploads\/Feria-AdaptACTIVA-8.jpeg\" alt=\"\" width=\"400\" \/> <img decoding=\"async\" class=\"alignleft\" style=\"display: block; margin-left: 10px; margin-right: 10px; margin-bottom: 10px;\" src=\"https:\/\/activa.catie.ac.cr\/web\/wp-content\/uploads\/Feria-AdaptACTIVA-10.jpeg\" alt=\"\" width=\"400\" \/> <img decoding=\"async\" class=\"alignleft\" style=\"display: block; margin-left: 10px; margin-right: 10px; margin-bottom: 10px;\" src=\"https:\/\/activa.catie.ac.cr\/web\/wp-content\/uploads\/Feria-AdaptACTIVA-11.jpeg\" alt=\"\" width=\"400\" \/> <img decoding=\"async\" class=\"alignleft\" style=\"display: block; margin-left: 10px; margin-right: 10px; margin-bottom: 10px;\" src=\"https:\/\/activa.catie.ac.cr\/web\/wp-content\/uploads\/Feria-AdaptACTIVA-13.jpeg\" alt=\"\" width=\"400\" \/> <img decoding=\"async\" class=\"alignleft\" style=\"display: block; margin-left: 10px; margin-right: 10px; margin-bottom: 10px;\" src=\"https:\/\/activa.catie.ac.cr\/web\/wp-content\/uploads\/Feria-AdaptACTIVA-14.jpeg\" alt=\"\" width=\"400\" \/><\/p>\n<div>\n<p><em>El programa \u201cEscalando Medidas de Adaptaci\u00f3n basada en Ecosistemas en Am\u00e9rica Latina rural\u201d es apoyado por el gobierno de la Rep\u00fablica de Costa Rica, financiado por el Ministerio Federal Alem\u00e1n de Medio Ambiente, Protecci\u00f3n de la Naturaleza, Seguridad Nuclear y Protecci\u00f3n del Consumidor (BMUV) a trav\u00e9s de su <\/em><a href=\"https:\/\/iki-cac.org\/\" target=\"_blank\" rel=\"noopener\"><em>Iniciativa Clim\u00e1tica Internacional (IKI)<\/em><\/a><em>, e implementado por la GIZ como agencia l\u00edder, en asocio con la <\/em><a href=\"https:\/\/iucn.org\/es\" target=\"_blank\" rel=\"noopener\"><em>UICN (Uni\u00f3n Internacional para la Conservaci\u00f3n de la Naturaleza)<\/em><\/a><em> y el <\/em><a href=\"https:\/\/catie.ac.cr\/\" target=\"_blank\" rel=\"noopener\"><em>CATIE (Centro Agron\u00f3mico Tropical de Investigaci\u00f3n y Ense\u00f1anza)<\/em><\/a><em>. Tiene como objetivo aumentar la capacidad de resiliencia ante el cambio clim\u00e1tico de las comunidades y los ecosistemas vulnerables en las zonas rurales del Ecuador, Guatemala y Costa Rica.<\/em><\/p>\n<p><em>ACTIVA-CATIE es un laboratorio de innovaci\u00f3n y emprendimiento liderado por la Unidad de Bosques y Biodiversidad en Paisajes Productivos del CATIE (Centro Agron\u00f3mico Tropical de Investigaci\u00f3n y Ense\u00f1anza) y acreditado por el Sistema de Banca para el Desarrollo (SBD) para impulsar, mediante fondos no reembolsables y asesor\u00edas especializadas, a diferentes negocios en la zona rural de Centroam\u00e9rica.<\/em><\/p>\n<\/div>\n<\/div>\n","protected":false},"excerpt":{"rendered":"<p>Heredia, 14 de agosto de 2024. En la Feria de Negocios \u201cNegocios innovadores ante el cambio clim\u00e1tico\u201d realizada este martes 13 de agosto, 25 emprendimientos seleccionados en la primera convocatoria de fondos no reembolsables AdaptACTIVA dieron a conocer sus proyectos innovadores para hacer frente al&#8230;<\/p>\n","protected":false},"author":1,"featured_media":4152,"comment_status":"open","ping_status":"open","sticky":false,"template":"","format":"standard","meta":{"_acf_changed":false,"_monsterinsights_skip_tracking":false,"_monsterinsights_sitenote_active":false,"_monsterinsights_sitenote_note":"","_monsterinsights_sitenote_category":0,"footnotes":""},"categories":[68,41],"tags":[],"class_list":["post-4150","post","type-post","status-publish","format-standard","has-post-thumbnail","hentry","category-68","category-noticias"],"acf":[],"aioseo_notices":[],"_links":{"self":[{"href":"https:\/\/activa.catie.ac.cr\/web\/wp-json\/wp\/v2\/posts\/4150","targetHints":{"allow":["GET"]}}],"collection":[{"href":"https:\/\/activa.catie.ac.cr\/web\/wp-json\/wp\/v2\/posts"}],"about":[{"href":"https:\/\/activa.catie.ac.cr\/web\/wp-json\/wp\/v2\/types\/post"}],"author":[{"embeddable":true,"href":"https:\/\/activa.catie.ac.cr\/web\/wp-json\/wp\/v2\/users\/1"}],"replies":[{"embeddable":true,"href":"https:\/\/activa.catie.ac.cr\/web\/wp-json\/wp\/v2\/comments?post=4150"}],"version-history":[{"count":1,"href":"https:\/\/activa.catie.ac.cr\/web\/wp-json\/wp\/v2\/posts\/4150\/revisions"}],"predecessor-version":[{"id":4165,"href":"https:\/\/activa.catie.ac.cr\/web\/wp-json\/wp\/v2\/posts\/4150\/revisions\/4165"}],"wp:featuredmedia":[{"embeddable":true,"href":"https:\/\/activa.catie.ac.cr\/web\/wp-json\/wp\/v2\/media\/4152"}],"wp:attachment":[{"href":"https:\/\/activa.catie.ac.cr\/web\/wp-json\/wp\/v2\/media?parent=4150"}],"wp:term":[{"taxonomy":"category","embeddable":true,"href":"https:\/\/activa.catie.ac.cr\/web\/wp-json\/wp\/v2\/categories?post=4150"},{"taxonomy":"post_tag","embeddable":true,"href":"https:\/\/activa.catie.ac.cr\/web\/wp-json\/wp\/v2\/tags?post=4150"}],"curies":[{"name":"wp","href":"https:\/\/api.w.org\/{rel}","templated":true}]}}