{"id":4269,"date":"2024-12-02T21:25:19","date_gmt":"2024-12-02T21:25:19","guid":{"rendered":"https:\/\/activa.catie.ac.cr\/web\/?p=4269"},"modified":"2025-10-30T15:09:34","modified_gmt":"2025-10-30T15:09:34","slug":"lanzamiento-innova-verde-musaceas","status":"publish","type":"post","link":"https:\/\/activa.catie.ac.cr\/web\/lanzamiento-innova-verde-musaceas\/","title":{"rendered":"Proyectos innovadores de banano, pl\u00e1tano y otras mus\u00e1ceas pueden concursar por financiamiento en el Concurso INNOVA-VERDE"},"content":{"rendered":"<ul>\n<li>Certamen premiar\u00e1 a 20 iniciativas vinculadas con la cadena de valor de este sector productivo<\/li>\n<li>Participantes recibir\u00e1n acompa\u00f1amiento y capacitaci\u00f3n por parte del Laboratorio de Innovaci\u00f3n y Emprendimiento ACTIVA-CATIE<\/li>\n<\/ul>\n<p>Alrededor de 20 ideas innovadoras relacionadas con la producci\u00f3n de mus\u00e1ceas (como el banano, pl\u00e1tano, abac\u00e1, entre otras) recibir\u00e1n fondos no reembolsables, adem\u00e1s de acompa\u00f1amiento y mentor\u00edas, como parte de la tercera edici\u00f3n del concurso de ideas INNOVA-VERDE.<\/p>\n<p>El objetivo del concurso es promover la diversificaci\u00f3n y eficiencia productiva de las peque\u00f1as y medianas unidades de producci\u00f3n de mus\u00e1ceas, como de los diferentes eslabones asociados de las cadenas de valor.<\/p>\n<p>A trav\u00e9s de estas ideas innovadoras se busca replicar medidas con potencial de reducci\u00f3n de emisiones de gases de efecto invernadero (GEI) y favorecer, sobre todo, a las propuestas orientadas a la replicaci\u00f3n y escalamiento de la NAMA (Acci\u00f3n de Mitigaci\u00f3n Nacionalmente Apropiada) Mus\u00e1ceas de Costa Rica.<\/p>\n<p>\u201cSeguimos de esta forma, con el apoyo de los recursos de cooperaci\u00f3n internacional, apoyando los esfuerzos por transformar nuestra producci\u00f3n para hacerla sostenible y amigable con el ambiente. Este concurso es una excelente oportunidad para identificar y apoyar ideas innovadoras que tengan un impacto positivo y contribuyan al desarrollo de la producci\u00f3n de mus\u00e1ceas que es relevante en varias zonas rurales del pa\u00eds\u00bb, destac\u00f3 el viceministro de Agricultura y Ganader\u00eda, Fernando Vargas P\u00e9rez.<\/p>\n<p>\u201cTuvimos ya dos concursos, uno en caf\u00e9 y otro en ganader\u00eda, y en este tercero buscamos innovaciones para el sector de mus\u00e1ceas para la adaptaci\u00f3n al cambio clim\u00e1tico, para tener una producci\u00f3n m\u00e1s resiliente y tambi\u00e9n para escalar soluciones que ya se han probado para los peque\u00f1os y medianos productores\u201d,\u00a0 detall\u00f3 Sylvanie Jardinet, oficial de Cooperaci\u00f3n para el Desarrollo de la Delegaci\u00f3n de la Uni\u00f3n Europea en Costa Rica.<\/p>\n<p>En la convocatoria podr\u00e1n participar peque\u00f1as y medianas personas productoras de todo el territorio nacional, claramente vinculadas con las cadenas de valor de las mus\u00e1ceas, y se priorizar\u00e1 la participaci\u00f3n de mujeres, estudiantes, personas j\u00f3venes, ind\u00edgenas y afrodescendientes.<\/p>\n<p>Vladimir Valera, director de ACTIVA-CATIE, explic\u00f3 que \u201ccomo parte del proceso del concurso de ideas, se desarrollar\u00e1n talleres virtuales y presenciales en diferentes partes de Costa Rica para explicar las bases del concurso y el formato para la presentaci\u00f3n de las ideas, pero principalmente para motivar a la poblaci\u00f3n, especialmente de j\u00f3venes, mujeres, ind\u00edgenas, entre otros, a que propongan iniciativas que fortalezcan los medios de vida de las personas vinculadas a la producci\u00f3n de mus\u00e1ceas, a la vez que aumenten el potencial de mitigaci\u00f3n o secuestro de las emisiones de gases de efecto invernadero (GEI), la resiliencia al cambio clim\u00e1tico, la conservaci\u00f3n y el uso sostenible de la biodiversidad\u201c.<\/p>\n<p><img fetchpriority=\"high\" decoding=\"async\" class=\"aligncenter size-full wp-image-4272\" src=\"https:\/\/activa.catie.ac.cr\/web\/wp-content\/uploads\/IMG_5094.jpg\" alt=\"\" width=\"4800\" height=\"3200\" \/><\/p>\n<p>Las personas ganadoras recibir\u00e1n un premio en colones equivalente a 7.500 euros para el desarrollo de las ideas. Adem\u00e1s tendr\u00e1n acompa\u00f1amiento de ACTIVA-CATIE, el laboratorio de innovaci\u00f3n y emprendimientos de la Unidad de Bosques y Biodiversidad en Paisajes Productivos del CATIE (Centro Agron\u00f3mico Tropical de Investigaci\u00f3n y Ense\u00f1anza), el cual cuenta con una amplia experiencia en el desarrollo y prototipado de ideas.<\/p>\n<p>\u201cNos emociona el lanzamiento de esta tercera edici\u00f3n del Concurso INNOVA-VERDE, con el que el Programa impulsa una producci\u00f3n agr\u00edcola baja en carbono. Invitamos a negocios medianos y peque\u00f1os de pl\u00e1tano, banano y abac\u00e1 a postular sus ideas innovadoras, especialmente aquellos liderados por personas j\u00f3venes, mujeres y comunidades ind\u00edgenas que deseen transformar la producci\u00f3n de mus\u00e1ceas en Costa Rica\u201d indic\u00f3 Alberto Vega, director del Programa TRANSFORMA-INNOVA para la GIZ.<\/p>\n<h3><strong>\u00bfC\u00f3mo participar?<\/strong><\/h3>\n<p>Las iniciativas se podr\u00e1n presentar del 29 de noviembre de 2024 al 17 de enero de 2025\u00a0 en la direcci\u00f3n web <a href=\"https:\/\/activa.catie.ac.cr\/web\/innova-verde\">activa.catie.ac.cr\/web\/innova-verde<\/a>. Luego de un proceso de capacitaci\u00f3n e inducci\u00f3n y de la evaluaci\u00f3n de las propuestas, los proyectos ganadores se anunciar\u00e1n en un evento de premiaci\u00f3n a celebrarse en marzo de 2025.\u00ad<\/p>\n<p>Si desea m\u00e1s informaci\u00f3n sobre el concurso y los requisitos puede escribir al correo electr\u00f3nico <a href=\"mailto:activa@catie.ac.cr\">activa@catie.ac.cr<\/a><\/p>\n<h3><strong>Acerca del concurso<\/strong><\/h3>\n<p>Este concurso es parte de las acciones del Programa <a href=\"https:\/\/transforma-innova.org\/\" target=\"_blank\" rel=\"noopener\">TRANSFORMA-INNOVA<\/a>: \u201cRutas transformadoras de baja emisi\u00f3n en carbono y resiliencia al clima en Costa Rica. Agricultura clim\u00e1ticamente inteligente y cadenas de valor\u201d. A trav\u00e9s del concurso INNOVA-VERDE, se han financiado previamente 44 iniciativas en los sectores de caf\u00e9 y ganader\u00eda.<\/p>\n<p>Esta edici\u00f3n del concurso es ejecutado por el Laboratorio de Innovaci\u00f3n y Emprendimiento ACTIVA-CATIE, de la Unidad de Bosques y Biodiversidad en Paisajes Productivos del CATIE (Centro Agron\u00f3mico Tropical de Investigaci\u00f3n y Ense\u00f1anza) y coordinado por la Cooperaci\u00f3n Alemana para el Desarrollo GIZ.<\/p>\n<p>El Programa TRANSFORMA-INNOVA es coordinado por el Ministerio de Agricultura y Ganader\u00eda (MAG), cofinanciado por la Uni\u00f3n Europea, los Ministerios Federal de Econom\u00eda y Protecci\u00f3n del Clima (BMWK) y de Medio Ambiente, Protecci\u00f3n de la Naturaleza y Protecci\u00f3n de los Consumidores (BMUV) de Alemania, mediante la <em>International Climate Initiative <\/em>\u2013 IKI, e implementado por la Cooperaci\u00f3n Alemana para el Desarrollo GIZ en conjunto con el <a href=\"https:\/\/catie.ac.cr\" target=\"_blank\" rel=\"noopener\">CATIE<\/a>, Conservaci\u00f3n Internacional (CI), Fundaci\u00f3n Costa Rica &#8211; Estados Unidos para la Cooperaci\u00f3n (CRUSA), Fundaci\u00f3n Banco Ambiental (FUNBAM) y el Programa de las Naciones Unidas para el Desarrollo (PNUD).<\/p>\n<p><img decoding=\"async\" class=\"aligncenter size-full wp-image-4271\" src=\"https:\/\/activa.catie.ac.cr\/web\/wp-content\/uploads\/Foto-grupal.jpg\" alt=\"\" width=\"4800\" height=\"2340\" \/><\/p>\n","protected":false},"excerpt":{"rendered":"<p>Certamen premiar\u00e1 a 20 iniciativas vinculadas con la cadena de valor de este sector productivo Participantes recibir\u00e1n acompa\u00f1amiento y capacitaci\u00f3n por parte del Laboratorio de Innovaci\u00f3n y Emprendimiento ACTIVA-CATIE Alrededor de 20 ideas innovadoras relacionadas con la producci\u00f3n de mus\u00e1ceas (como el banano, pl\u00e1tano, abac\u00e1,&#8230;<\/p>\n","protected":false},"author":1,"featured_media":4223,"comment_status":"open","ping_status":"open","sticky":false,"template":"","format":"standard","meta":{"_acf_changed":false,"_monsterinsights_skip_tracking":false,"_monsterinsights_sitenote_active":false,"_monsterinsights_sitenote_note":"","_monsterinsights_sitenote_category":0,"footnotes":""},"categories":[68,41],"tags":[],"class_list":["post-4269","post","type-post","status-publish","format-standard","has-post-thumbnail","hentry","category-68","category-noticias"],"acf":[],"aioseo_notices":[],"_links":{"self":[{"href":"https:\/\/activa.catie.ac.cr\/web\/wp-json\/wp\/v2\/posts\/4269","targetHints":{"allow":["GET"]}}],"collection":[{"href":"https:\/\/activa.catie.ac.cr\/web\/wp-json\/wp\/v2\/posts"}],"about":[{"href":"https:\/\/activa.catie.ac.cr\/web\/wp-json\/wp\/v2\/types\/post"}],"author":[{"embeddable":true,"href":"https:\/\/activa.catie.ac.cr\/web\/wp-json\/wp\/v2\/users\/1"}],"replies":[{"embeddable":true,"href":"https:\/\/activa.catie.ac.cr\/web\/wp-json\/wp\/v2\/comments?post=4269"}],"version-history":[{"count":2,"href":"https:\/\/activa.catie.ac.cr\/web\/wp-json\/wp\/v2\/posts\/4269\/revisions"}],"predecessor-version":[{"id":4277,"href":"https:\/\/activa.catie.ac.cr\/web\/wp-json\/wp\/v2\/posts\/4269\/revisions\/4277"}],"wp:featuredmedia":[{"embeddable":true,"href":"https:\/\/activa.catie.ac.cr\/web\/wp-json\/wp\/v2\/media\/4223"}],"wp:attachment":[{"href":"https:\/\/activa.catie.ac.cr\/web\/wp-json\/wp\/v2\/media?parent=4269"}],"wp:term":[{"taxonomy":"category","embeddable":true,"href":"https:\/\/activa.catie.ac.cr\/web\/wp-json\/wp\/v2\/categories?post=4269"},{"taxonomy":"post_tag","embeddable":true,"href":"https:\/\/activa.catie.ac.cr\/web\/wp-json\/wp\/v2\/tags?post=4269"}],"curies":[{"name":"wp","href":"https:\/\/api.w.org\/{rel}","templated":true}]}}