{"id":4393,"date":"2025-03-18T19:21:23","date_gmt":"2025-03-18T19:21:23","guid":{"rendered":"https:\/\/activa.catie.ac.cr\/web\/?p=4393"},"modified":"2025-10-30T15:09:40","modified_gmt":"2025-10-30T15:09:40","slug":"activa-catie-se-proyecta-en-la-segunda-edicion-del-foro-nacional-de-bioinsumos","status":"publish","type":"post","link":"https:\/\/activa.catie.ac.cr\/web\/activa-catie-se-proyecta-en-la-segunda-edicion-del-foro-nacional-de-bioinsumos\/","title":{"rendered":"ACTIVA-CATIE se proyecta en la segunda Edici\u00f3n del Foro Nacional de Bioinsumos"},"content":{"rendered":"\t\t<div data-elementor-type=\"wp-post\" data-elementor-id=\"4393\" class=\"elementor elementor-4393\" data-elementor-post-type=\"post\">\n\t\t\t\t<div class=\"elementor-element elementor-element-22121da5 e-flex e-con-boxed e-con e-parent\" data-id=\"22121da5\" data-element_type=\"container\">\n\t\t\t\t\t<div class=\"e-con-inner\">\n\t\t\t\t<div class=\"elementor-element elementor-element-26f8d284 elementor-widget elementor-widget-text-editor\" data-id=\"26f8d284\" data-element_type=\"widget\" data-widget_type=\"text-editor.default\">\n\t\t\t\t<div class=\"elementor-widget-container\">\n\t\t\t\t\t\t\t\t\t<ul><li><em>Ricardo Padr\u00f3n y Juan Jos\u00e9 Serrano representaron a la Unidad de Bosques y Biodiversidad de Paisajes Productivos (UBBPP) del CATIE en este evento, donde tambi\u00e9n participaron emprendedores apoyados por ACTIVA-CATIE<\/em><\/li><\/ul><p>El 11 y 12 de marzo, en las instalaciones del Instituto Tecnol\u00f3gico de Costa Rica (TEC), ubicadas en San Carlos, se realiz\u00f3 la segunda edici\u00f3n del Foro Nacional de Bioinsumos. Este evento busca impulsar la transformaci\u00f3n sostenible de la producci\u00f3n agropecuaria costarricense mediante el fomento y escalamiento de los bioinsumos y la implementaci\u00f3n de una estrategia nacional para fortalecer este subsector.\u00a0<\/p><h4>Participaci\u00f3n de ACTIVA-CATIE<\/h4><p>En este evento clave para la agricultura sostenible y el futuro de la producci\u00f3n agropecuaria, se reunieron personas representantes del sector agropecuario p\u00fablico-privado, personas productoras, personal de investigaci\u00f3n y extensi\u00f3n agropecuaria y de la academia. Entre los participantes, Juan Jos\u00e9 Serrano y Ricardo Padr\u00f3n, de la UBBPP, del CATIE (Centro Agron\u00f3mico Tropical de Investigaci\u00f3n y Ense\u00f1anza), fueron invitados para cumplir diversos roles.\u00a0<\/p><p>Ricardo Padr\u00f3n, especialista en innovaci\u00f3n y emprendimiento de ACTIVA-CATIE, particip\u00f3 en el panel del bloque V, donde se presentaron casos y se compartieron experiencias empresariales en producci\u00f3n y uso de bioinsumos.<\/p><p>Padr\u00f3n coment\u00f3 que desde ACTIVA-CATIE se han desarrollado herramientas y metodolog\u00edas importantes para la incubaci\u00f3n y crecimiento de empresas de bioinsumos.\u00a0<\/p><p>\u00abLas experiencias de ACTIVA-CATIE con el programa del Sistema de Banca para el Desarrollo (SBD) han movilizado inversiones claves que aportan al desarrollo de emprendimientos en este rubro,\u00bb explic\u00f3 el especialista.\u00a0<\/p><p>A\u00f1adi\u00f3 que \u00abes importante continuar construyendo sinergias para fortalecer el ecosistema emprendedor que potencie la innovaci\u00f3n y promoci\u00f3n de bioinsumos.\u00bb<\/p><p>Por su parte, Juan Jos\u00e9 Serrano, mentor de ACTIVA-CATIE, aprovech\u00f3 su presencia en el evento para fortalecer alianzas y consolidar lazos con representantes de instituciones del sector.\u00a0<\/p><p>\u00abCompartir en este evento con funcionarios de diversas zonas del pa\u00eds pertenecientes a instituciones como el Ministerio de Agricultura y Ganader\u00eda (MAG), fue fundamental para la divulgaci\u00f3n de las acciones de ACTIVA-CATIE en el sector rural, dado que ellos conocen de primera mano a los posibles beneficiarios para desarrollar sus emprendimientos,\u00bb expres\u00f3 Serrano.<\/p><p><img fetchpriority=\"high\" decoding=\"async\" class=\"alignnone size-full wp-image-4395\" src=\"https:\/\/activa.catie.ac.cr\/web\/wp-content\/uploads\/IMG_1058.jpeg\" alt=\"\" width=\"800\" height=\"600\" \/><\/p><h4>Emprendimientos apoyados por ACTIVA-CATIE<\/h4><p>Cinco emprendimientos respaldados por ACTIVA-CATIE, como agencia operadora acreditada ante el SBD, participaron en el Foro Nacioal de Bioinsumos. Estos negocios han recibido mentor\u00eda, capacitaci\u00f3n y acompa\u00f1amiento de los especialistas de ACTIVA-CATIE. Los emprendimientos presentes fueron:\u00a0<\/p><ul><li>Agroland, de La Palmera de San Carlos<\/li><li>Hogarnika, de Venecia de San Carlos<\/li><li>Agrobioles, de Turrialba<\/li><li>By Products, de Gu\u00e1piles<\/li><li>Agrobioma, de Bajo Z\u00fa\u00f1iga, San Ram\u00f3n<\/li><\/ul><p>Estos emprendimientos han sido parte de las convocatorias lideradas por ACTIVA-CATIE, contribuyendo a la innovaci\u00f3n sostenible en el sector agropecuario.\u00a0<\/p><h4>Objetivos clave del evento<\/h4><p>El Foro Nacional de Bioinsumos tambi\u00e9n tuvo como prop\u00f3sitos el conformar el Comit\u00e9 T\u00e9cnico Especializado para que pueda orientar y acompa\u00f1ar la construcci\u00f3n de la Estrategia Nacional de Bioinsumos. De forma paralela, este esfuerzo propiciar\u00eda que se estrechen los lazos de trabajo con el gobierno, los organismos internacionales, las empresas privadas y las personas productoras.<\/p><p>Con la participaci\u00f3n en este evento, ACTIVA-CATIE reafirma su compromiso con la promoci\u00f3n de innovaci\u00f3n sostenible en la agricultura costarricense y el fortalecimiento de emprendimientos en el sector agropecuario.\u00a0<\/p><p><strong>Mayor informaci\u00f3n:<\/strong><\/p><p>Juan Jos\u00e9 Serrano<br \/>Mentor<br \/>ACTIVA-CATIE<br \/>Unidad de Bosques y Biodiversidad de Paisajes Productivos (UBBPP)<br \/>CATIE<br \/>juan.serrano@activa.ac.cr\u00a0<\/p><p>Ricardo Padr\u00f3n<br \/>Especialista en innovaci\u00f3n y Emprendimiento<br \/>ACTIVA-CATIE<br \/>Unidad de Bosques y Biodiversidad de Paisajes Productivos (UBBPP)<br \/>ricardo.padron@catie.ac.cr<\/p><p><b>Redactado por:<br \/><\/b>Marianela Arg\u00fcello L.<br \/>Especialista en educaci\u00f3n y comunicaci\u00f3n<br \/>ACTIVA-CATIE<br \/>Unidad de Bosques y Biodiversidad de Paisajes Productivos (UBBPP)<br \/>CATIE<br \/>marguello@catie.ac.cr<\/p>\t\t\t\t\t\t\t\t<\/div>\n\t\t\t\t<\/div>\n\t\t\t\t\t<\/div>\n\t\t\t\t<\/div>\n\t\t\t\t<\/div>\n\t\t","protected":false},"excerpt":{"rendered":"<p>Ricardo Padr\u00f3n y Juan Jos\u00e9 Serrano representaron a la Unidad de Bosques y Biodiversidad de Paisajes Productivos (UBBPP) del CATIE en este evento, donde tambi\u00e9n participaron emprendedores apoyados por ACTIVA-CATIE El 11 y 12 de marzo, en las instalaciones del Instituto Tecnol\u00f3gico de Costa Rica&#8230;<\/p>\n","protected":false},"author":7,"featured_media":4394,"comment_status":"open","ping_status":"open","sticky":false,"template":"","format":"standard","meta":{"_acf_changed":false,"_monsterinsights_skip_tracking":false,"_monsterinsights_sitenote_active":false,"_monsterinsights_sitenote_note":"","_monsterinsights_sitenote_category":0,"footnotes":""},"categories":[69,41],"tags":[],"class_list":["post-4393","post","type-post","status-publish","format-standard","has-post-thumbnail","hentry","category-69","category-noticias"],"acf":[],"aioseo_notices":[],"_links":{"self":[{"href":"https:\/\/activa.catie.ac.cr\/web\/wp-json\/wp\/v2\/posts\/4393","targetHints":{"allow":["GET"]}}],"collection":[{"href":"https:\/\/activa.catie.ac.cr\/web\/wp-json\/wp\/v2\/posts"}],"about":[{"href":"https:\/\/activa.catie.ac.cr\/web\/wp-json\/wp\/v2\/types\/post"}],"author":[{"embeddable":true,"href":"https:\/\/activa.catie.ac.cr\/web\/wp-json\/wp\/v2\/users\/7"}],"replies":[{"embeddable":true,"href":"https:\/\/activa.catie.ac.cr\/web\/wp-json\/wp\/v2\/comments?post=4393"}],"version-history":[{"count":4,"href":"https:\/\/activa.catie.ac.cr\/web\/wp-json\/wp\/v2\/posts\/4393\/revisions"}],"predecessor-version":[{"id":4399,"href":"https:\/\/activa.catie.ac.cr\/web\/wp-json\/wp\/v2\/posts\/4393\/revisions\/4399"}],"wp:featuredmedia":[{"embeddable":true,"href":"https:\/\/activa.catie.ac.cr\/web\/wp-json\/wp\/v2\/media\/4394"}],"wp:attachment":[{"href":"https:\/\/activa.catie.ac.cr\/web\/wp-json\/wp\/v2\/media?parent=4393"}],"wp:term":[{"taxonomy":"category","embeddable":true,"href":"https:\/\/activa.catie.ac.cr\/web\/wp-json\/wp\/v2\/categories?post=4393"},{"taxonomy":"post_tag","embeddable":true,"href":"https:\/\/activa.catie.ac.cr\/web\/wp-json\/wp\/v2\/tags?post=4393"}],"curies":[{"name":"wp","href":"https:\/\/api.w.org\/{rel}","templated":true}]}}