{"id":4417,"date":"2025-05-02T23:06:37","date_gmt":"2025-05-02T23:06:37","guid":{"rendered":"https:\/\/activa.catie.ac.cr\/web\/?p=4417"},"modified":"2025-10-30T15:10:02","modified_gmt":"2025-10-30T15:10:02","slug":"emprendimientos-rurales-de-costa-rica-reciben-capital-semilla-en-segunda-convocatoria-de-adapt-activa","status":"publish","type":"post","link":"https:\/\/activa.catie.ac.cr\/web\/emprendimientos-rurales-de-costa-rica-reciben-capital-semilla-en-segunda-convocatoria-de-adapt-activa\/","title":{"rendered":"Emprendimientos rurales de Costa Rica reciben capital semilla en segunda convocatoria de Adapt-ACTIVA"},"content":{"rendered":"<ul>\n<li><em>Iniciativas seleccionadas se ubican en 9 cantones de la Zona Norte y Caribe del pa\u00eds.<\/em><\/li>\n<li><em>Postulaci\u00f3n para la tercera convocatoria se encuentra abierta hasta el 4 de mayo.<\/em><\/li>\n<\/ul>\n<p><span data-contrast=\"auto\">Luego de presentar sus propuestas innovadoras de negocio durante el a\u00f1o anterior, 25 emprendimientos rurales de la Zona Norte y el Caribe de Costa Rica fueron seleccionados para recibir capital semilla del Sistema de Banca para el Desarrollo (SBD) y acompa\u00f1amiento por parte del laboratorio de innovaci\u00f3n ACTIVA-CATIE, en el marco de la segunda convocatoria de Adapt-ACTIVA, como parte del Programa <a href=\"https:\/\/ebalac.com\/\" target=\"_blank\" rel=\"noopener\">EbA LAC<\/a> (Escalando medidas de Adaptaci\u00f3n basada en Ecosistemas en la Am\u00e9rica Latina rural) en coordinaci\u00f3n con el Ministerio de Ambiente y Energ\u00eda (MINAE).<\/span><span data-ccp-props=\"{}\">\u00a0<\/span><\/p>\n<p><span data-contrast=\"auto\">Las iniciativas, ubicadas en 9 cantones (San Ram\u00f3n, San Carlos, Sarapiqu\u00ed, Gu\u00e1cimo, Po\u00e1s, Zarcero, Pococ\u00ed, Santo Domingo, Naranjo), buscan implementar adaptaciones que permitan la resiliencia frente al cambio clim\u00e1tico en sectores como el turismo de naturaleza y de conservaci\u00f3n, ganader\u00eda, producci\u00f3n de plantas ornamentales y forestales, cultivo de productos alimenticios (hortalizas, especias), soluciones de control biol\u00f3gico para cultivos y producci\u00f3n de bioinsumos.<\/span><span data-ccp-props=\"{}\">\u00a0<\/span><\/p>\n<p><span data-contrast=\"auto\">Los 25 emprendimientos corresponden a la categor\u00eda Inclusi\u00f3n del Sistema de Banca para el Desarrollo (personas f\u00edsicas con una idea de negocios o trabajando de forma informal, o bien, personas jur\u00eddicas con menos de 3 a\u00f1os de operaci\u00f3n). Esta categor\u00eda les otorga un monto de 4 millones de colones a cada una para llevar a cabo su propuesta de negocio.<\/span><span data-ccp-props=\"{}\">\u00a0<\/span><\/p>\n<p><span data-contrast=\"auto\">\u201cDetr\u00e1s de cada uno de estos 25 emprendimientos hay una historia de esfuerzo, visi\u00f3n y compromiso con un futuro mejor. Desde ACTIVA-CATIE, no solo brindamos apoyo t\u00e9cnico y financiero, sino que caminamos junto a quienes se atreven a innovar en el campo y a construir soluciones reales frente al cambio clim\u00e1tico\u201d, mencion\u00f3 Vladimir Valera, Director de ACTIVA-CATIE.<\/span><span data-ccp-props=\"{}\">\u00a0<\/span><\/p>\n<p><span data-contrast=\"auto\">Adem\u00e1s, <\/span><span data-contrast=\"auto\">recibir\u00e1n capacitaciones y mentor\u00edas con especialistas de ACTIVA-CATIE y podr\u00e1n participar en alianzas con otros actores clave (<\/span><i><span data-contrast=\"auto\">networking<\/span><\/i><span data-contrast=\"auto\">) para alcanzar una mayor visibilidad para su emprendimiento.<\/span><span data-ccp-props=\"{}\">\u00a0<\/span><\/p>\n<p><span data-contrast=\"auto\">\u00abAdem\u00e1s del capital semilla, los emprendedores reciben asesor\u00edas en temas de negocios y sostenibilidad. Permitiendo que la adaptaci\u00f3n al cambio clim\u00e1tico, sea un proceso transitorio acompa\u00f1ado de un equipo profesional.\u00bb\u00a0 se\u00f1ala Gabriela Gonz\u00e1lez, mentora de Activa-CATIE.<\/span><span data-ccp-props=\"{}\">\u00a0<\/span><\/p>\n<p><span data-contrast=\"auto\">Actualmente se encuentra abierta la tercera convocatoria de Adapt-ACTIVA. Las personas interesadas pueden postularse tanto en la categor\u00eda de Inclusi\u00f3n, como en la <\/span><span data-contrast=\"auto\">categor\u00eda Transformativo-rural (dirigida a empresas rurales conformadas como personas jur\u00eddicas, con al menos 96 meses de operar y registradas como MiPyMES ante el MEIC o como PYMPA ante el MAG), que otorga hasta 7 millones de colones.<\/span><span data-ccp-props=\"{}\">\u00a0<\/span><\/p>\n<p><span data-contrast=\"auto\">Para participar, deben consultar los requisitos, distritos participantes y llenar el formulario en la p\u00e1gina <\/span><a href=\"http:\/\/www.activa.catie.ac.cr\/convocatorias\"><span data-contrast=\"none\">www.activa.catie.ac.cr\/convocatorias<\/span><\/a><span data-contrast=\"auto\">. La fecha l\u00edmite para inscribirse es el domingo 4 de mayo.<\/span><span data-ccp-props=\"{}\">\u00a0<\/span><\/p>\n<p><i><span data-contrast=\"auto\">ACTIVA-CATIE es un laboratorio de innovaci\u00f3n y emprendimiento liderado por la Unidad de Bosques y Biodiversidad en Paisajes Productivos del CATIE (Centro Agron\u00f3mico Tropical de Investigaci\u00f3n y Ense\u00f1anza) y acreditado ante el Sistema de Banca para el Desarrollo para impulsar, mediante fondos no reembolsables y asesor\u00edas especializadas, a diferentes negocios en la zona rural de Costa Rica.\u202f\u202f<\/span><\/i><span data-ccp-props=\"{&quot;134233117&quot;:true,&quot;134233118&quot;:true}\">\u00a0<\/span><\/p>\n<p><i><span data-contrast=\"auto\">El programa EbA LAC es apoyado por el gobierno de la Rep\u00fablica de Costa Rica, financiado por el Ministerio Federal Alem\u00e1n de Medio Ambiente, Protecci\u00f3n de la Naturaleza, Seguridad Nuclear y Protecci\u00f3n del Consumidor (BMUV) a trav\u00e9s de su <\/span><\/i><a href=\"https:\/\/iki-cac.org\/\"><i><span data-contrast=\"none\">Iniciativa Clim\u00e1tica Internacional (IKI)<\/span><\/i><\/a><i><span data-contrast=\"auto\">, e implementado por la GIZ como agencia l\u00edder, en asocio con la <\/span><\/i><a href=\"https:\/\/iucn.org\/es\"><i><span data-contrast=\"none\">UICN (Uni\u00f3n Internacional para la Conservaci\u00f3n de la Naturaleza)<\/span><\/i><\/a><i><span data-contrast=\"auto\"> y el <\/span><\/i><a href=\"https:\/\/catie.ac.cr\/\"><i><span data-contrast=\"none\">CATIE (Centro Agron\u00f3mico Tropical de Investigaci\u00f3n y Ense\u00f1anza)<\/span><\/i><\/a><i><span data-contrast=\"auto\">. Tiene como objetivo aumentar la capacidad de resiliencia ante el cambio clim\u00e1tico de las comunidades y los ecosistemas vulnerables en las zonas rurales del Ecuador, Guatemala y Costa Rica.<\/span><\/i><span data-contrast=\"auto\">\u202f<\/span><span data-ccp-props=\"{&quot;134233117&quot;:true,&quot;134233118&quot;:true}\">\u00a0<\/span><\/p>\n","protected":false},"excerpt":{"rendered":"<p>Iniciativas seleccionadas se ubican en 9 cantones de la Zona Norte y Caribe del pa\u00eds. Postulaci\u00f3n para la tercera convocatoria se encuentra abierta hasta el 4 de mayo. Luego de presentar sus propuestas innovadoras de negocio durante el a\u00f1o anterior, 25 emprendimientos rurales de la&#8230;<\/p>\n","protected":false},"author":1,"featured_media":4418,"comment_status":"open","ping_status":"open","sticky":false,"template":"","format":"standard","meta":{"_acf_changed":false,"_monsterinsights_skip_tracking":false,"_monsterinsights_sitenote_active":false,"_monsterinsights_sitenote_note":"","_monsterinsights_sitenote_category":0,"footnotes":""},"categories":[69,41],"tags":[],"class_list":["post-4417","post","type-post","status-publish","format-standard","has-post-thumbnail","hentry","category-69","category-noticias"],"acf":[],"aioseo_notices":[],"_links":{"self":[{"href":"https:\/\/activa.catie.ac.cr\/web\/wp-json\/wp\/v2\/posts\/4417","targetHints":{"allow":["GET"]}}],"collection":[{"href":"https:\/\/activa.catie.ac.cr\/web\/wp-json\/wp\/v2\/posts"}],"about":[{"href":"https:\/\/activa.catie.ac.cr\/web\/wp-json\/wp\/v2\/types\/post"}],"author":[{"embeddable":true,"href":"https:\/\/activa.catie.ac.cr\/web\/wp-json\/wp\/v2\/users\/1"}],"replies":[{"embeddable":true,"href":"https:\/\/activa.catie.ac.cr\/web\/wp-json\/wp\/v2\/comments?post=4417"}],"version-history":[{"count":1,"href":"https:\/\/activa.catie.ac.cr\/web\/wp-json\/wp\/v2\/posts\/4417\/revisions"}],"predecessor-version":[{"id":4419,"href":"https:\/\/activa.catie.ac.cr\/web\/wp-json\/wp\/v2\/posts\/4417\/revisions\/4419"}],"wp:featuredmedia":[{"embeddable":true,"href":"https:\/\/activa.catie.ac.cr\/web\/wp-json\/wp\/v2\/media\/4418"}],"wp:attachment":[{"href":"https:\/\/activa.catie.ac.cr\/web\/wp-json\/wp\/v2\/media?parent=4417"}],"wp:term":[{"taxonomy":"category","embeddable":true,"href":"https:\/\/activa.catie.ac.cr\/web\/wp-json\/wp\/v2\/categories?post=4417"},{"taxonomy":"post_tag","embeddable":true,"href":"https:\/\/activa.catie.ac.cr\/web\/wp-json\/wp\/v2\/tags?post=4417"}],"curies":[{"name":"wp","href":"https:\/\/api.w.org\/{rel}","templated":true}]}}